{"id":1392,"date":"2022-01-05T11:50:53","date_gmt":"2022-01-05T11:50:53","guid":{"rendered":"http:\/\/nintec.pt\/?p=1392"},"modified":"2023-04-06T15:19:38","modified_gmt":"2023-04-06T15:19:38","slug":"programacao-do-investimento-em-id-preve-atingir-3-do-pib-em-2030","status":"publish","type":"post","link":"https:\/\/nintec.pt\/index.php\/2022\/01\/05\/programacao-do-investimento-em-id-preve-atingir-3-do-pib-em-2030\/","title":{"rendered":"Programa\u00e7\u00e3o do investimento em I&#038;D prev\u00ea atingir 3% do PIB em 2030"},"content":{"rendered":"\n<p>&#8220;Foi publicada hoje a resolu\u00e7\u00e3o do conselho de ministros com a orienta\u00e7\u00e3o estrat\u00e9gica para que a despesa total em I&amp;D atinja 3 % do Produto Interno Bruto (PIB) em 2030, face a um valor da despesa total em I&amp;D de 1,62 % do PIB em 2020, quando a despesa privada representava 57% do total. Inclui ainda a orienta\u00e7\u00e3o consagrada a n\u00edvel europeu para que a despesa p\u00fablica evolua para 1 % do PIB, enquanto a despesa privada deve evoluir para 2 % do PIB (face a valores de 2020 de 0,66% do PIB para a despesa p\u00fablica e de 0,96% do PIB para a despesa privada). &#8220;<\/p>\n\n\n\n<p><a href=\"https:\/\/www.fct.pt\/noticias\/index.phtml.pt?id=751&amp;\/2021\/12\/Programa%C3%A7%C3%A3o_do_investimento_em_I&amp;D_prev%C3%AA_atingir_3\">https:\/\/www.fct.pt\/noticias\/index.phtml.pt?id=751&amp;\/2021\/12\/Programa%C3%A7%C3%A3o_do_investimento_em_I&amp;D_prev%C3%AA_atingir_3<\/a><\/p>\n","protected":false},"excerpt":{"rendered":"<p>&#8220;Foi publicada hoje a resolu\u00e7\u00e3o do conselho de ministros com a orienta\u00e7\u00e3o estrat\u00e9gica para que a despesa total em I&amp;D atinja 3 % do Produto Interno Bruto (PIB) em 2030, face a um valor da despesa total em I&amp;D de 1,62 % do PIB em 2020, quando a despesa privada representava 57% do total. Inclui &hellip; <a href=\"https:\/\/nintec.pt\/index.php\/2022\/01\/05\/programacao-do-investimento-em-id-preve-atingir-3-do-pib-em-2030\/\" class=\"more-link\">Continue reading <span class=\"screen-reader-text\">Programa\u00e7\u00e3o do investimento em I&#038;D prev\u00ea atingir 3% do PIB em 2030<\/span><\/a><\/p>\n","protected":false},"author":1,"featured_media":0,"comment_status":"closed","ping_status":"closed","sticky":false,"template":"","format":"standard","meta":{"jetpack_post_was_ever_published":false,"jetpack_publicize_message":"","jetpack_is_tweetstorm":false,"jetpack_publicize_feature_enabled":true,"jetpack_social_post_already_shared":true,"jetpack_social_options":{"image_generator_settings":{"template":"highway","enabled":false}}},"categories":[7],"tags":[],"jetpack_publicize_connections":[],"jetpack_featured_media_url":"","jetpack_sharing_enabled":true,"jetpack_shortlink":"https:\/\/wp.me\/paMUaw-ms","_links":{"self":[{"href":"https:\/\/nintec.pt\/index.php\/wp-json\/wp\/v2\/posts\/1392"}],"collection":[{"href":"https:\/\/nintec.pt\/index.php\/wp-json\/wp\/v2\/posts"}],"about":[{"href":"https:\/\/nintec.pt\/index.php\/wp-json\/wp\/v2\/types\/post"}],"author":[{"embeddable":true,"href":"https:\/\/nintec.pt\/index.php\/wp-json\/wp\/v2\/users\/1"}],"replies":[{"embeddable":true,"href":"https:\/\/nintec.pt\/index.php\/wp-json\/wp\/v2\/comments?post=1392"}],"version-history":[{"count":1,"href":"https:\/\/nintec.pt\/index.php\/wp-json\/wp\/v2\/posts\/1392\/revisions"}],"predecessor-version":[{"id":1393,"href":"https:\/\/nintec.pt\/index.php\/wp-json\/wp\/v2\/posts\/1392\/revisions\/1393"}],"wp:attachment":[{"href":"https:\/\/nintec.pt\/index.php\/wp-json\/wp\/v2\/media?parent=1392"}],"wp:term":[{"taxonomy":"category","embeddable":true,"href":"https:\/\/nintec.pt\/index.php\/wp-json\/wp\/v2\/categories?post=1392"},{"taxonomy":"post_tag","embeddable":true,"href":"https:\/\/nintec.pt\/index.php\/wp-json\/wp\/v2\/tags?post=1392"}],"curies":[{"name":"wp","href":"https:\/\/api.w.org\/{rel}","templated":true}]}}