{"id":218,"date":"2019-03-19T22:23:35","date_gmt":"2019-03-19T22:23:35","guid":{"rendered":"http:\/\/nintec.pt\/?p=218"},"modified":"2023-04-06T15:21:54","modified_gmt":"2023-04-06T15:21:54","slug":"precariedade-na-ciencia-uma-realidade-que-governo-e-reitores-nao-podem-ignorar","status":"publish","type":"post","link":"https:\/\/nintec.pt\/index.php\/2019\/03\/19\/precariedade-na-ciencia-uma-realidade-que-governo-e-reitores-nao-podem-ignorar\/","title":{"rendered":"Precariedade na Ci\u00eancia: uma realidade que Governo e reitores n\u00e3o podem ignorar"},"content":{"rendered":"\n<p>Debater a investiga\u00e7\u00e3o cient\u00edfica sem que sejam discutidas todas estas quest\u00f5es \u00e9 ignorar a realidade do sistema, a come\u00e7ar pelos problemas com que se deparam todos os dias aqueles que mais contribuem para a produ\u00e7\u00e3o cient\u00edfica nacional.<\/p>\n\n\n\n<p><a href=\"https:\/\/www.publico.pt\/2019\/03\/15\/ciencia\/opiniao\/precariedade-ciencia-realidade-governo-reitores-nao-podem-ignorar-1865549?fbclid=IwAR38gAHl755ScQwVO6t2gJsPuDZ1cqaN7xoFC6dxBhL00ZjlBYcJkL8M9kA\" target=\"_blank\" rel=\"noreferrer noopener\" aria-label=\" (opens in a new tab)\">https:\/\/www.publico.pt\/2019\/03\/15\/ciencia\/opiniao\/precariedade-ciencia-realidade-governo-reitores-nao-podem-ignorar-1865549?fbclid=IwAR38gAHl755ScQwVO6t2gJsPuDZ1cqaN7xoFC6dxBhL00ZjlBYcJkL8M9kA<\/a><\/p>\n\n\n\n<p>Carta Aberta &#8220;Precariedade na ci\u00eancia: uma realidade que Governo e Reitores n\u00e3o podem ignorar&#8221;, subscrita por 12 Associa\u00e7\u00f5es e N\u00facleos\/Redes de trabalhadores cient\u00edficos. Pode ser lida na \u00edntegra, no link abaixo:<\/p>\n\n\n\n<div class=\"wp-block-file\"><a href=\"http:\/\/nintec.pt\/wp-content\/uploads\/2019\/03\/Precariedade-na-cie\u0302ncia.pdf\">Precariedade na cie\u0302ncia<\/a><\/div>\n\n\n\n<p>Assinem e divulguem!<br>N\u00e3o se pode ignorar a precariedade laboral na Ci\u00eancia<\/p>\n\n\n\n<p><a href=\"https:\/\/docs.google.com\/forms\/d\/e\/1FAIpQLSfHOStTXiwJY2YYpe8m0m973PvSddd4xzJPDy3da74cbLW2Ag\/viewform?fbclid=IwAR2ibed-h6VLWINRJp-DCtWQhc4ha9usGiTUc_BFqZo5MbuwSuofxbhtTjc\" target=\"_blank\" rel=\"noreferrer noopener\" aria-label=\" (opens in a new tab)\">https:\/\/docs.google.com\/forms\/d\/e\/1FAIpQLSfHOStTXiwJY2YYpe8m0m973PvSddd4xzJPDy3da74cbLW2Ag\/viewform?fbclid=IwAR2ibed-h6VLWINRJp-DCtWQhc4ha9usGiTUc_BFqZo5MbuwSuofxbhtTjc<\/a><\/p>\n","protected":false},"excerpt":{"rendered":"<p>Debater a investiga\u00e7\u00e3o cient\u00edfica sem que sejam discutidas todas estas quest\u00f5es \u00e9 ignorar a realidade do sistema, a come\u00e7ar pelos problemas com que se deparam todos os dias aqueles que mais contribuem para a produ\u00e7\u00e3o cient\u00edfica nacional. https:\/\/www.publico.pt\/2019\/03\/15\/ciencia\/opiniao\/precariedade-ciencia-realidade-governo-reitores-nao-podem-ignorar-1865549?fbclid=IwAR38gAHl755ScQwVO6t2gJsPuDZ1cqaN7xoFC6dxBhL00ZjlBYcJkL8M9kA Carta Aberta &#8220;Precariedade na ci\u00eancia: uma realidade que Governo e Reitores n\u00e3o podem ignorar&#8221;, subscrita por 12 &hellip; <a href=\"https:\/\/nintec.pt\/index.php\/2019\/03\/19\/precariedade-na-ciencia-uma-realidade-que-governo-e-reitores-nao-podem-ignorar\/\" class=\"more-link\">Continue reading <span class=\"screen-reader-text\">Precariedade na Ci\u00eancia: uma realidade que Governo e reitores n\u00e3o podem ignorar<\/span><\/a><\/p>\n","protected":false},"author":1,"featured_media":0,"comment_status":"closed","ping_status":"closed","sticky":false,"template":"","format":"standard","meta":{"jetpack_post_was_ever_published":false,"jetpack_publicize_message":"","jetpack_is_tweetstorm":false,"jetpack_publicize_feature_enabled":true,"jetpack_social_post_already_shared":true,"jetpack_social_options":{"image_generator_settings":{"template":"highway","enabled":false}}},"categories":[6],"tags":[],"jetpack_publicize_connections":[],"jetpack_featured_media_url":"","jetpack_sharing_enabled":true,"jetpack_shortlink":"https:\/\/wp.me\/paMUaw-3w","_links":{"self":[{"href":"https:\/\/nintec.pt\/index.php\/wp-json\/wp\/v2\/posts\/218"}],"collection":[{"href":"https:\/\/nintec.pt\/index.php\/wp-json\/wp\/v2\/posts"}],"about":[{"href":"https:\/\/nintec.pt\/index.php\/wp-json\/wp\/v2\/types\/post"}],"author":[{"embeddable":true,"href":"https:\/\/nintec.pt\/index.php\/wp-json\/wp\/v2\/users\/1"}],"replies":[{"embeddable":true,"href":"https:\/\/nintec.pt\/index.php\/wp-json\/wp\/v2\/comments?post=218"}],"version-history":[{"count":4,"href":"https:\/\/nintec.pt\/index.php\/wp-json\/wp\/v2\/posts\/218\/revisions"}],"predecessor-version":[{"id":240,"href":"https:\/\/nintec.pt\/index.php\/wp-json\/wp\/v2\/posts\/218\/revisions\/240"}],"wp:attachment":[{"href":"https:\/\/nintec.pt\/index.php\/wp-json\/wp\/v2\/media?parent=218"}],"wp:term":[{"taxonomy":"category","embeddable":true,"href":"https:\/\/nintec.pt\/index.php\/wp-json\/wp\/v2\/categories?post=218"},{"taxonomy":"post_tag","embeddable":true,"href":"https:\/\/nintec.pt\/index.php\/wp-json\/wp\/v2\/tags?post=218"}],"curies":[{"name":"wp","href":"https:\/\/api.w.org\/{rel}","templated":true}]}}