{"id":259,"date":"2019-04-12T16:50:01","date_gmt":"2019-04-12T16:50:01","guid":{"rendered":"http:\/\/nintec.pt\/?p=259"},"modified":"2023-04-06T15:21:37","modified_gmt":"2023-04-06T15:21:37","slug":"4-a-conferencia-estabilidade-e-previsibilidade-dos-mecanismos-de-financiamento-de-idi","status":"publish","type":"post","link":"https:\/\/nintec.pt\/index.php\/2019\/04\/12\/4-a-conferencia-estabilidade-e-previsibilidade-dos-mecanismos-de-financiamento-de-idi\/","title":{"rendered":"4.\u00aa Confer\u00eancia \u201cEstabilidade e Previsibilidade dos Mecanismos de Financiamento de ID&#038;I\u201d"},"content":{"rendered":"\n<p>&#8220;No \u00e2mbito do Ciclo de Confer\u00eancias \u201cConstruir e Manter o  Ecossistema de Apoio \u00e0 Sustentabilidade da Ci\u00eancia\u201d, que tem como  objetivo discutir o sistema cient\u00edfico portugu\u00eas, procurar alternativas e  apresentar uma proposta vi\u00e1vel para a sua melhoria, a quarta confer\u00eancia ter\u00e1 lugar no dia 18 de abril de 2019, entre as 11h e as 13h, no Sal\u00e3o Nobre do Instituto Superior T\u00e9cnico, em Lisboa.&#8221;<\/p>\n\n\n\n<p>Mais informa\u00e7\u00f5es em:<\/p>\n\n\n\n<p><a href=\"https:\/\/tecnico.ulisboa.pt\/pt\/eventos\/4-conferencia-estabilidade-e-previsibilidade-dos-mecanismos-de-financiamento-de-idi\/\" target=\"_blank\" rel=\"noreferrer noopener\" aria-label=\" (opens in a new tab)\">https:\/\/tecnico.ulisboa.pt\/pt\/eventos\/4-conferencia-estabilidade-e-previsibilidade-dos-mecanismos-de-financiamento-de-idi\/<\/a><\/p>\n","protected":false},"excerpt":{"rendered":"<p>&#8220;No \u00e2mbito do Ciclo de Confer\u00eancias \u201cConstruir e Manter o Ecossistema de Apoio \u00e0 Sustentabilidade da Ci\u00eancia\u201d, que tem como objetivo discutir o sistema cient\u00edfico portugu\u00eas, procurar alternativas e apresentar uma proposta vi\u00e1vel para a sua melhoria, a quarta confer\u00eancia ter\u00e1 lugar no dia 18 de abril de 2019, entre as 11h e as 13h, &hellip; <a href=\"https:\/\/nintec.pt\/index.php\/2019\/04\/12\/4-a-conferencia-estabilidade-e-previsibilidade-dos-mecanismos-de-financiamento-de-idi\/\" class=\"more-link\">Continue reading <span class=\"screen-reader-text\">4.\u00aa Confer\u00eancia \u201cEstabilidade e Previsibilidade dos Mecanismos de Financiamento de ID&#038;I\u201d<\/span><\/a><\/p>\n","protected":false},"author":1,"featured_media":0,"comment_status":"closed","ping_status":"closed","sticky":false,"template":"","format":"standard","meta":{"jetpack_post_was_ever_published":false,"jetpack_publicize_message":"","jetpack_is_tweetstorm":false,"jetpack_publicize_feature_enabled":true,"jetpack_social_post_already_shared":true,"jetpack_social_options":{"image_generator_settings":{"template":"highway","enabled":false}}},"categories":[8],"tags":[],"jetpack_publicize_connections":[],"jetpack_featured_media_url":"","jetpack_sharing_enabled":true,"jetpack_shortlink":"https:\/\/wp.me\/paMUaw-4b","_links":{"self":[{"href":"https:\/\/nintec.pt\/index.php\/wp-json\/wp\/v2\/posts\/259"}],"collection":[{"href":"https:\/\/nintec.pt\/index.php\/wp-json\/wp\/v2\/posts"}],"about":[{"href":"https:\/\/nintec.pt\/index.php\/wp-json\/wp\/v2\/types\/post"}],"author":[{"embeddable":true,"href":"https:\/\/nintec.pt\/index.php\/wp-json\/wp\/v2\/users\/1"}],"replies":[{"embeddable":true,"href":"https:\/\/nintec.pt\/index.php\/wp-json\/wp\/v2\/comments?post=259"}],"version-history":[{"count":1,"href":"https:\/\/nintec.pt\/index.php\/wp-json\/wp\/v2\/posts\/259\/revisions"}],"predecessor-version":[{"id":260,"href":"https:\/\/nintec.pt\/index.php\/wp-json\/wp\/v2\/posts\/259\/revisions\/260"}],"wp:attachment":[{"href":"https:\/\/nintec.pt\/index.php\/wp-json\/wp\/v2\/media?parent=259"}],"wp:term":[{"taxonomy":"category","embeddable":true,"href":"https:\/\/nintec.pt\/index.php\/wp-json\/wp\/v2\/categories?post=259"},{"taxonomy":"post_tag","embeddable":true,"href":"https:\/\/nintec.pt\/index.php\/wp-json\/wp\/v2\/tags?post=259"}],"curies":[{"name":"wp","href":"https:\/\/api.w.org\/{rel}","templated":true}]}}