{"id":261,"date":"2019-04-12T16:57:18","date_gmt":"2019-04-12T16:57:18","guid":{"rendered":"http:\/\/nintec.pt\/?p=261"},"modified":"2023-04-06T15:21:37","modified_gmt":"2023-04-06T15:21:37","slug":"4o-simposio-nacional-da-anict-a-revisao-da-carreira-de-investigacao-em-discussao","status":"publish","type":"post","link":"https:\/\/nintec.pt\/index.php\/2019\/04\/12\/4o-simposio-nacional-da-anict-a-revisao-da-carreira-de-investigacao-em-discussao\/","title":{"rendered":"4\u00ba Simp\u00f3sio nacional da ANICT. \u201cA revis\u00e3o da carreira de investiga\u00e7\u00e3o em discuss\u00e3o\u201c"},"content":{"rendered":"\n<p>&#8220;A ANICT ir\u00e1 come\u00e7ar por apresentar os resultados do question\u00e1rio nacional <a rel=\"noreferrer noopener\" aria-label=\" (opens in a new tab)\" href=\"https:\/\/docs.google.com\/forms\/d\/e\/1FAIpQLSdzkaEalGTB8WmUS3Uhu20Nz-mIfv7Lmj4NB7GxClzAYylJKw\/viewform\" target=\"_blank\">H\u00e1 lugar na carreira para o \u201cinvestigador j\u00fanior\u201d?<\/a>,  no qual se seguir\u00e1 uma mesa redonda envolvendo representantes das  institui\u00e7\u00f5es, governo e investigadores, que debater\u00e1 poss\u00edveis  estrat\u00e9gias para uma carreira cient\u00edfica que seja desejada pelas  institui\u00e7\u00f5es mas tamb\u00e9m apetec\u00edveis para os investigadores.&#8221;<\/p>\n\n\n\n<p>O evento decorrer\u00e1 na tarde de 22 de  Abril de 2019, no Pavilh\u00e3o do Conhecimento, em Lisboa e as inscri\u00e7\u00f5es  est\u00e3o abertas at\u00e9 ao dia 18 de Abril. Mais informa\u00e7\u00f5es em:<\/p>\n\n\n\n<p><a rel=\"noreferrer noopener\" aria-label=\" (opens in a new tab)\" href=\"https:\/\/anict2019.com\" target=\"_blank\">https:\/\/anict2019.com<\/a><\/p>\n","protected":false},"excerpt":{"rendered":"<p>&#8220;A ANICT ir\u00e1 come\u00e7ar por apresentar os resultados do question\u00e1rio nacional H\u00e1 lugar na carreira para o \u201cinvestigador j\u00fanior\u201d?, no qual se seguir\u00e1 uma mesa redonda envolvendo representantes das institui\u00e7\u00f5es, governo e investigadores, que debater\u00e1 poss\u00edveis estrat\u00e9gias para uma carreira cient\u00edfica que seja desejada pelas institui\u00e7\u00f5es mas tamb\u00e9m apetec\u00edveis para os investigadores.&#8221; O evento decorrer\u00e1 &hellip; <a href=\"https:\/\/nintec.pt\/index.php\/2019\/04\/12\/4o-simposio-nacional-da-anict-a-revisao-da-carreira-de-investigacao-em-discussao\/\" class=\"more-link\">Continue reading <span class=\"screen-reader-text\">4\u00ba Simp\u00f3sio nacional da ANICT. \u201cA revis\u00e3o da carreira de investiga\u00e7\u00e3o em discuss\u00e3o\u201c<\/span><\/a><\/p>\n","protected":false},"author":1,"featured_media":0,"comment_status":"closed","ping_status":"closed","sticky":false,"template":"","format":"standard","meta":{"jetpack_post_was_ever_published":false,"jetpack_publicize_message":"","jetpack_is_tweetstorm":false,"jetpack_publicize_feature_enabled":true,"jetpack_social_post_already_shared":true,"jetpack_social_options":{"image_generator_settings":{"template":"highway","enabled":false}}},"categories":[8],"tags":[],"jetpack_publicize_connections":[],"jetpack_featured_media_url":"","jetpack_sharing_enabled":true,"jetpack_shortlink":"https:\/\/wp.me\/paMUaw-4d","_links":{"self":[{"href":"https:\/\/nintec.pt\/index.php\/wp-json\/wp\/v2\/posts\/261"}],"collection":[{"href":"https:\/\/nintec.pt\/index.php\/wp-json\/wp\/v2\/posts"}],"about":[{"href":"https:\/\/nintec.pt\/index.php\/wp-json\/wp\/v2\/types\/post"}],"author":[{"embeddable":true,"href":"https:\/\/nintec.pt\/index.php\/wp-json\/wp\/v2\/users\/1"}],"replies":[{"embeddable":true,"href":"https:\/\/nintec.pt\/index.php\/wp-json\/wp\/v2\/comments?post=261"}],"version-history":[{"count":1,"href":"https:\/\/nintec.pt\/index.php\/wp-json\/wp\/v2\/posts\/261\/revisions"}],"predecessor-version":[{"id":262,"href":"https:\/\/nintec.pt\/index.php\/wp-json\/wp\/v2\/posts\/261\/revisions\/262"}],"wp:attachment":[{"href":"https:\/\/nintec.pt\/index.php\/wp-json\/wp\/v2\/media?parent=261"}],"wp:term":[{"taxonomy":"category","embeddable":true,"href":"https:\/\/nintec.pt\/index.php\/wp-json\/wp\/v2\/categories?post=261"},{"taxonomy":"post_tag","embeddable":true,"href":"https:\/\/nintec.pt\/index.php\/wp-json\/wp\/v2\/tags?post=261"}],"curies":[{"name":"wp","href":"https:\/\/api.w.org\/{rel}","templated":true}]}}