{"id":3608,"date":"2024-04-29T09:31:30","date_gmt":"2024-04-29T09:31:30","guid":{"rendered":"https:\/\/nintec.pt\/?p=3608"},"modified":"2024-04-29T09:58:49","modified_gmt":"2024-04-29T09:58:49","slug":"mesa-redonda-debate-a-carreira-de-investigacao-7-maio-16h","status":"publish","type":"post","link":"https:\/\/nintec.pt\/index.php\/2024\/04\/29\/mesa-redonda-debate-a-carreira-de-investigacao-7-maio-16h\/","title":{"rendered":"Mesa Redonda\/Debate: A Carreira de Investiga\u00e7\u00e3o,  7 maio"},"content":{"rendered":"\t\t<div data-elementor-type=\"wp-post\" data-elementor-id=\"3608\" class=\"elementor elementor-3608\">\n\t\t\t\t<div class=\"elementor-element elementor-element-484aa401 e-flex e-con-boxed e-con e-parent\" data-id=\"484aa401\" data-element_type=\"container\">\n\t\t\t\t\t<div class=\"e-con-inner\">\n\t\t\t\t<div class=\"elementor-element elementor-element-398e5a1 elementor-widget elementor-widget-image\" data-id=\"398e5a1\" data-element_type=\"widget\" data-widget_type=\"image.default\">\n\t\t\t\t<div class=\"elementor-widget-container\">\n\t\t\t<style>\/*! elementor - v3.21.0 - 25-04-2024 *\/\n.elementor-widget-image{text-align:center}.elementor-widget-image a{display:inline-block}.elementor-widget-image a img[src$=\".svg\"]{width:48px}.elementor-widget-image img{vertical-align:middle;display:inline-block}<\/style>\t\t\t\t\t\t\t\t\t\t<img fetchpriority=\"high\" decoding=\"async\" width=\"712\" height=\"435\" src=\"https:\/\/nintec.pt\/wp-content\/uploads\/2024\/04\/cropped-MESA-REDonda-DEBATE-1-623x381-2-1024x626.png\" class=\"attachment-large size-large wp-image-3620\" alt=\"\" srcset=\"https:\/\/nintec.pt\/wp-content\/uploads\/2024\/04\/cropped-MESA-REDonda-DEBATE-1-623x381-2-1024x626.png 1024w, https:\/\/nintec.pt\/wp-content\/uploads\/2024\/04\/cropped-MESA-REDonda-DEBATE-1-623x381-2-300x183.png 300w, https:\/\/nintec.pt\/wp-content\/uploads\/2024\/04\/cropped-MESA-REDonda-DEBATE-1-623x381-2-768x469.png 768w, https:\/\/nintec.pt\/wp-content\/uploads\/2024\/04\/cropped-MESA-REDonda-DEBATE-1-623x381-2.png 1080w\" sizes=\"(max-width: 712px) 100vw, 712px\" \/>\t\t\t\t\t\t\t\t\t\t\t\t\t<\/div>\n\t\t\t\t<\/div>\n\t\t\t\t<div class=\"elementor-element elementor-element-6ac7d570 elementor-widget elementor-widget-text-editor\" data-id=\"6ac7d570\" data-element_type=\"widget\" data-widget_type=\"text-editor.default\">\n\t\t\t\t<div class=\"elementor-widget-container\">\n\t\t\t<style>\/*! elementor - v3.21.0 - 25-04-2024 *\/\n.elementor-widget-text-editor.elementor-drop-cap-view-stacked .elementor-drop-cap{background-color:#69727d;color:#fff}.elementor-widget-text-editor.elementor-drop-cap-view-framed .elementor-drop-cap{color:#69727d;border:3px solid;background-color:transparent}.elementor-widget-text-editor:not(.elementor-drop-cap-view-default) .elementor-drop-cap{margin-top:8px}.elementor-widget-text-editor:not(.elementor-drop-cap-view-default) .elementor-drop-cap-letter{width:1em;height:1em}.elementor-widget-text-editor .elementor-drop-cap{float:left;text-align:center;line-height:1;font-size:50px}.elementor-widget-text-editor .elementor-drop-cap-letter{display:inline-block}<\/style>\t\t\t\t<!-- wp:paragraph -->\n<p>\u00a0<\/p>\n<p>No seguimento da discuss\u00e3o iniciada anteriormente sobre a carreira de investiga\u00e7\u00e3o, o NInTec em conjunto com a OTC (Organiza\u00e7\u00e3o dos Trabalhadores Cient\u00edficos) ir\u00e1 promover a realiza\u00e7\u00e3o de uma Mesa Redonda\/Debate sobre o tema.<\/p>\n<!-- \/wp:paragraph --><!-- wp:paragraph -->\n<p>O mesmo decorrer\u00e1 no pr\u00f3ximo dia <strong>7 de maio<\/strong> no Anfiteatro Abreu Faro, (IST-Alameda) entre as <strong>16h e as 18h<\/strong>.<\/p>\n<p><strong>Link<\/strong>: <a href=\"https:\/\/videoconf-colibri.zoom.us\/j\/89843491053?pwd=SW9wL3dFK1JFUlROcUUxdWpqazdPQT09\">https:\/\/videoconf-colibri.zoom.us\/j\/89843491053?pwd=SW9wL<\/a><br \/>Password: 512740<\/p>\n<p>Encontram mais informa\u00e7\u00f5es no cartaz anexo e aqui:<\/p>\n<p><a href=\"https:\/\/otc.pt\/wp\/2024\/04\/24\/debate-a-carreira-de-investigacao\/\">https:\/\/otc.pt\/wp\/2024\/04\/24\/debate-a-carreira-de-investigacao\/<\/a><\/p>\n<!-- \/wp:paragraph --><!-- wp:paragraph -->\n<p>\u00a0<\/p>\n<!-- \/wp:paragraph -->\t\t\t\t\t\t<\/div>\n\t\t\t\t<\/div>\n\t\t\t\t\t<\/div>\n\t\t\t\t<\/div>\n\t\t<div class=\"elementor-element elementor-element-a73aee7 e-flex e-con-boxed e-con e-parent\" data-id=\"a73aee7\" data-element_type=\"container\">\n\t\t\t\t\t<div class=\"e-con-inner\">\n\t\t\t\t<div class=\"elementor-element elementor-element-cb97dc8 elementor-widget elementor-widget-google_maps\" data-id=\"cb97dc8\" data-element_type=\"widget\" data-widget_type=\"google_maps.default\">\n\t\t\t\t<div class=\"elementor-widget-container\">\n\t\t\t<style>\/*! elementor - v3.21.0 - 25-04-2024 *\/\n.elementor-widget-google_maps .elementor-widget-container{overflow:hidden}.elementor-widget-google_maps .elementor-custom-embed{line-height:0}.elementor-widget-google_maps iframe{height:300px}<\/style>\t\t<div class=\"elementor-custom-embed\">\n\t\t\t<iframe loading=\"lazy\"\n\t\t\t\t\tsrc=\"https:\/\/maps.google.com\/maps?q=IST%2C%20Alameda&#038;t=m&#038;z=12&#038;output=embed&#038;iwloc=near\"\n\t\t\t\t\ttitle=\"IST, Alameda\"\n\t\t\t\t\taria-label=\"IST, Alameda\"\n\t\t\t><\/iframe>\n\t\t<\/div>\n\t\t\t\t<\/div>\n\t\t\t\t<\/div>\n\t\t\t\t\t<\/div>\n\t\t\t\t<\/div>\n\t\t<div class=\"elementor-element elementor-element-ebc6af7 e-flex e-con-boxed e-con e-parent\" data-id=\"ebc6af7\" data-element_type=\"container\">\n\t\t\t\t\t<div class=\"e-con-inner\">\n\t\t\t\t\t<\/div>\n\t\t\t\t<\/div>\n\t\t<div class=\"elementor-element elementor-element-8d97a1f e-flex e-con-boxed e-con e-parent\" data-id=\"8d97a1f\" data-element_type=\"container\">\n\t\t\t\t\t<div class=\"e-con-inner\">\n\t\t\t\t\t<\/div>\n\t\t\t\t<\/div>\n\t\t\t\t<\/div>\n\t\t","protected":false},"excerpt":{"rendered":"<p>\u00a0 No seguimento da discuss\u00e3o iniciada anteriormente sobre a carreira de investiga\u00e7\u00e3o, o NInTec em conjunto com a OTC (Organiza\u00e7\u00e3o dos Trabalhadores Cient\u00edficos) ir\u00e1 promover a realiza\u00e7\u00e3o de uma Mesa Redonda\/Debate sobre o tema. O mesmo decorrer\u00e1 no pr\u00f3ximo dia 7 de maio no Anfiteatro Abreu Faro, (IST-Alameda) entre as 16h e as 18h. Link: &hellip; <a href=\"https:\/\/nintec.pt\/index.php\/2024\/04\/29\/mesa-redonda-debate-a-carreira-de-investigacao-7-maio-16h\/\" class=\"more-link\">Continue reading <span class=\"screen-reader-text\">Mesa Redonda\/Debate: A Carreira de Investiga\u00e7\u00e3o,  7 maio<\/span><\/a><\/p>\n","protected":false},"author":1,"featured_media":0,"comment_status":"closed","ping_status":"","sticky":false,"template":"","format":"standard","meta":{"jetpack_post_was_ever_published":false,"jetpack_publicize_message":"","jetpack_is_tweetstorm":false,"jetpack_publicize_feature_enabled":true,"jetpack_social_post_already_shared":true,"jetpack_social_options":{"image_generator_settings":{"template":"highway","enabled":false}}},"categories":[8],"tags":[],"jetpack_publicize_connections":[],"jetpack_featured_media_url":"","jetpack_sharing_enabled":true,"jetpack_shortlink":"https:\/\/wp.me\/paMUaw-Wc","_links":{"self":[{"href":"https:\/\/nintec.pt\/index.php\/wp-json\/wp\/v2\/posts\/3608"}],"collection":[{"href":"https:\/\/nintec.pt\/index.php\/wp-json\/wp\/v2\/posts"}],"about":[{"href":"https:\/\/nintec.pt\/index.php\/wp-json\/wp\/v2\/types\/post"}],"author":[{"embeddable":true,"href":"https:\/\/nintec.pt\/index.php\/wp-json\/wp\/v2\/users\/1"}],"replies":[{"embeddable":true,"href":"https:\/\/nintec.pt\/index.php\/wp-json\/wp\/v2\/comments?post=3608"}],"version-history":[{"count":17,"href":"https:\/\/nintec.pt\/index.php\/wp-json\/wp\/v2\/posts\/3608\/revisions"}],"predecessor-version":[{"id":3632,"href":"https:\/\/nintec.pt\/index.php\/wp-json\/wp\/v2\/posts\/3608\/revisions\/3632"}],"wp:attachment":[{"href":"https:\/\/nintec.pt\/index.php\/wp-json\/wp\/v2\/media?parent=3608"}],"wp:term":[{"taxonomy":"category","embeddable":true,"href":"https:\/\/nintec.pt\/index.php\/wp-json\/wp\/v2\/categories?post=3608"},{"taxonomy":"post_tag","embeddable":true,"href":"https:\/\/nintec.pt\/index.php\/wp-json\/wp\/v2\/tags?post=3608"}],"curies":[{"name":"wp","href":"https:\/\/api.w.org\/{rel}","templated":true}]}}