{"id":429,"date":"2019-10-19T11:39:10","date_gmt":"2019-10-19T11:39:10","guid":{"rendered":"http:\/\/nintec.pt\/?p=429"},"modified":"2023-04-06T15:21:37","modified_gmt":"2023-04-06T15:21:37","slug":"subterraneos-da-precariedade-estreia-em-lisboa-20-outubro-11h-cinema-ideal","status":"publish","type":"post","link":"https:\/\/nintec.pt\/index.php\/2019\/10\/19\/subterraneos-da-precariedade-estreia-em-lisboa-20-outubro-11h-cinema-ideal\/","title":{"rendered":"Subterr\u00e2neos da Precariedade | Estreia em Lisboa | 20 Outubro 11h | Cinema Ideal"},"content":{"rendered":"\n<p>SINOPSE:<\/p>\n\n\n\n<p>Os\n \u00faltimos vinte anos corresponderam a um aumento exponencial da produ\u00e7\u00e3o \ncient\u00edfica em Portugal. Essa realidade s\u00f3 o \u00e9 \u00e0 custa de quem, sem voz \ndentro das Universidades, produz Ci\u00eancia mas\n n\u00e3o \u00e9 reconhecido como tal. Os reitores comemoram os resultados \ncient\u00edficos mas n\u00e3o contratam investigadores. Os investigadores produzem\n ci\u00eancia mas mant\u00eam-se invis\u00edveis aos olhos dos seus dirigentes m\u00e1ximos.<\/p>\n\n\n\n<p>Nos\n \u00faltimos quatro anos, a situa\u00e7\u00e3o alterou-se. Pela primeira vez em anos a\n fio de precariedade cient\u00edfica e desinvestimento no ensino superior, o \ndebate ultrapassou as fronteiras da Academia.\n Uma vit\u00f3ria j\u00e1 \u00e9 garantida: a consci\u00eancia de uma classe subalternizada \nfez brotar uma onda de revolta que nenhum reitor esperava t\u00e3o destemida.\n Como se escrevia nas paredes do Maio de \u201868 em Paris, \u201cNada ser\u00e1 como \nantes\u201d. O poder no seio da Academia est\u00e1,\n de novo, em discuss\u00e3o.<\/p>\n\n\n\n<p>Subterr\u00e2neos\n da Precariedade \u00e9 um retrato da Academia portuguesa no s\u00e9culo XXI: por \num lado, a precariedade, a mercantiliza\u00e7\u00e3o do conhecimento e a \nempresarializa\u00e7\u00e3o da gest\u00e3o acad\u00e9mica; por\n outro lado, o brotar dos seus subterr\u00e2neos.<\/p>\n\n\n\n<p>Evento de Facebook:\n<a href=\"https:\/\/www.facebook.com\/events\/550213852217554\/\" target=\"_blank\" rel=\"noreferrer noopener\">https:\/\/www.facebook.com\/events\/550213852217554\/<\/a><\/p>\n\n\n\n<p>P\u00e1gina: \n<a href=\"https:\/\/www.facebook.com\/subterraneosdaprecariedade\/\" target=\"_blank\" rel=\"noreferrer noopener\">https:\/\/www.facebook.com\/subterraneosdaprecariedade\/<\/a><\/p>\n","protected":false},"excerpt":{"rendered":"<p>SINOPSE: Os \u00faltimos vinte anos corresponderam a um aumento exponencial da produ\u00e7\u00e3o cient\u00edfica em Portugal. Essa realidade s\u00f3 o \u00e9 \u00e0 custa de quem, sem voz dentro das Universidades, produz Ci\u00eancia mas n\u00e3o \u00e9 reconhecido como tal. Os reitores comemoram os resultados cient\u00edficos mas n\u00e3o contratam investigadores. Os investigadores produzem ci\u00eancia mas mant\u00eam-se invis\u00edveis aos &hellip; <a href=\"https:\/\/nintec.pt\/index.php\/2019\/10\/19\/subterraneos-da-precariedade-estreia-em-lisboa-20-outubro-11h-cinema-ideal\/\" class=\"more-link\">Continue reading <span class=\"screen-reader-text\">Subterr\u00e2neos da Precariedade | Estreia em Lisboa | 20 Outubro 11h | Cinema Ideal<\/span><\/a><\/p>\n","protected":false},"author":1,"featured_media":430,"comment_status":"closed","ping_status":"closed","sticky":false,"template":"","format":"standard","meta":{"jetpack_post_was_ever_published":false,"jetpack_publicize_message":"","jetpack_is_tweetstorm":false,"jetpack_publicize_feature_enabled":true,"jetpack_social_post_already_shared":true,"jetpack_social_options":{"image_generator_settings":{"template":"highway","enabled":false}}},"categories":[8],"tags":[],"jetpack_publicize_connections":[],"jetpack_featured_media_url":"https:\/\/nintec.pt\/wp-content\/uploads\/2019\/10\/SUBTERRANEOS-DA-PRECARIEDADE-CARTAZ-WEB.jpg","jetpack_sharing_enabled":true,"jetpack_shortlink":"https:\/\/wp.me\/paMUaw-6V","_links":{"self":[{"href":"https:\/\/nintec.pt\/index.php\/wp-json\/wp\/v2\/posts\/429"}],"collection":[{"href":"https:\/\/nintec.pt\/index.php\/wp-json\/wp\/v2\/posts"}],"about":[{"href":"https:\/\/nintec.pt\/index.php\/wp-json\/wp\/v2\/types\/post"}],"author":[{"embeddable":true,"href":"https:\/\/nintec.pt\/index.php\/wp-json\/wp\/v2\/users\/1"}],"replies":[{"embeddable":true,"href":"https:\/\/nintec.pt\/index.php\/wp-json\/wp\/v2\/comments?post=429"}],"version-history":[{"count":1,"href":"https:\/\/nintec.pt\/index.php\/wp-json\/wp\/v2\/posts\/429\/revisions"}],"predecessor-version":[{"id":431,"href":"https:\/\/nintec.pt\/index.php\/wp-json\/wp\/v2\/posts\/429\/revisions\/431"}],"wp:featuredmedia":[{"embeddable":true,"href":"https:\/\/nintec.pt\/index.php\/wp-json\/wp\/v2\/media\/430"}],"wp:attachment":[{"href":"https:\/\/nintec.pt\/index.php\/wp-json\/wp\/v2\/media?parent=429"}],"wp:term":[{"taxonomy":"category","embeddable":true,"href":"https:\/\/nintec.pt\/index.php\/wp-json\/wp\/v2\/categories?post=429"},{"taxonomy":"post_tag","embeddable":true,"href":"https:\/\/nintec.pt\/index.php\/wp-json\/wp\/v2\/tags?post=429"}],"curies":[{"name":"wp","href":"https:\/\/api.w.org\/{rel}","templated":true}]}}