{"id":457,"date":"2019-12-02T10:30:45","date_gmt":"2019-12-02T10:30:45","guid":{"rendered":"http:\/\/nintec.pt\/?p=457"},"modified":"2023-04-06T15:21:37","modified_gmt":"2023-04-06T15:21:37","slug":"audicao-publica-do-candidato-eleicao-do-presidente-do-tecnico-2020-2023","status":"publish","type":"post","link":"https:\/\/nintec.pt\/index.php\/2019\/12\/02\/audicao-publica-do-candidato-eleicao-do-presidente-do-tecnico-2020-2023\/","title":{"rendered":"Audi\u00e7\u00e3o p\u00fablica do Candidato \u2013 Elei\u00e7\u00e3o do Presidente do T\u00e9cnico (2020-2023)"},"content":{"rendered":"\n<p>Nos dias 16 e 17 de dezembro de 2019 decorrer\u00e1 a elei\u00e7\u00e3o, pelo <a href=\"https:\/\/conselhodeescola.tecnico.ulisboa.pt\/\" target=\"_blank\" rel=\"noreferrer noopener\" aria-label=\" (opens in a new tab)\">Conselho de Escola<\/a>, de um novo Presidente do Instituto Superior T\u00e9cnico.<\/p>\n\n\n\n<p>A apresenta\u00e7\u00e3o da\u00a0candidatura \u00fanica do professor Rog\u00e9rio Anacleto Cordeiro Cola\u00e7o perante a <a rel=\"noreferrer noopener\" aria-label=\" (opens in a new tab)\" href=\"https:\/\/fenix.tecnico.ulisboa.pt\/units\/2482491887286\/pagina-inicial\" target=\"_blank\">Assembleia de Escola<\/a>  e a respetiva emiss\u00e3o de parecer ocorrer\u00e3o no dia 20 de  novembro,\u00a0quarta-feira, com in\u00edcio \u00e0s 9h30, no\u00a0Grande Audit\u00f3rio do  Centro de Congressos\u00a0(Pavilh\u00e3o de Civil, piso -1).<\/p>\n\n\n\n<p><a href=\"https:\/\/tecnico.ulisboa.pt\/pt\/noticias\/campus-e-comunidade\/audicao-publica-do-candidato-eleicao-do-presidente-do-tecnico-2020-2023\/\" target=\"_blank\" rel=\"noreferrer noopener\" aria-label=\" (opens in a new tab)\">https:\/\/tecnico.ulisboa.pt\/pt\/noticias\/campus-e-comunidade\/audicao-publica-do-candidato-eleicao-do-presidente-do-tecnico-2020-2023\/<\/a><\/p>\n","protected":false},"excerpt":{"rendered":"<p>Nos dias 16 e 17 de dezembro de 2019 decorrer\u00e1 a elei\u00e7\u00e3o, pelo Conselho de Escola, de um novo Presidente do Instituto Superior T\u00e9cnico. A apresenta\u00e7\u00e3o da\u00a0candidatura \u00fanica do professor Rog\u00e9rio Anacleto Cordeiro Cola\u00e7o perante a Assembleia de Escola e a respetiva emiss\u00e3o de parecer ocorrer\u00e3o no dia 20 de novembro,\u00a0quarta-feira, com in\u00edcio \u00e0s 9h30, &hellip; <a href=\"https:\/\/nintec.pt\/index.php\/2019\/12\/02\/audicao-publica-do-candidato-eleicao-do-presidente-do-tecnico-2020-2023\/\" class=\"more-link\">Continue reading <span class=\"screen-reader-text\">Audi\u00e7\u00e3o p\u00fablica do Candidato \u2013 Elei\u00e7\u00e3o do Presidente do T\u00e9cnico (2020-2023)<\/span><\/a><\/p>\n","protected":false},"author":1,"featured_media":0,"comment_status":"closed","ping_status":"closed","sticky":false,"template":"","format":"standard","meta":{"jetpack_post_was_ever_published":false,"jetpack_publicize_message":"","jetpack_is_tweetstorm":false,"jetpack_publicize_feature_enabled":true,"jetpack_social_post_already_shared":true,"jetpack_social_options":{"image_generator_settings":{"template":"highway","enabled":false}}},"categories":[7],"tags":[],"jetpack_publicize_connections":[],"jetpack_featured_media_url":"","jetpack_sharing_enabled":true,"jetpack_shortlink":"https:\/\/wp.me\/paMUaw-7n","_links":{"self":[{"href":"https:\/\/nintec.pt\/index.php\/wp-json\/wp\/v2\/posts\/457"}],"collection":[{"href":"https:\/\/nintec.pt\/index.php\/wp-json\/wp\/v2\/posts"}],"about":[{"href":"https:\/\/nintec.pt\/index.php\/wp-json\/wp\/v2\/types\/post"}],"author":[{"embeddable":true,"href":"https:\/\/nintec.pt\/index.php\/wp-json\/wp\/v2\/users\/1"}],"replies":[{"embeddable":true,"href":"https:\/\/nintec.pt\/index.php\/wp-json\/wp\/v2\/comments?post=457"}],"version-history":[{"count":1,"href":"https:\/\/nintec.pt\/index.php\/wp-json\/wp\/v2\/posts\/457\/revisions"}],"predecessor-version":[{"id":458,"href":"https:\/\/nintec.pt\/index.php\/wp-json\/wp\/v2\/posts\/457\/revisions\/458"}],"wp:attachment":[{"href":"https:\/\/nintec.pt\/index.php\/wp-json\/wp\/v2\/media?parent=457"}],"wp:term":[{"taxonomy":"category","embeddable":true,"href":"https:\/\/nintec.pt\/index.php\/wp-json\/wp\/v2\/categories?post=457"},{"taxonomy":"post_tag","embeddable":true,"href":"https:\/\/nintec.pt\/index.php\/wp-json\/wp\/v2\/tags?post=457"}],"curies":[{"name":"wp","href":"https:\/\/api.w.org\/{rel}","templated":true}]}}