{"id":525,"date":"2020-02-27T17:13:09","date_gmt":"2020-02-27T17:13:09","guid":{"rendered":"http:\/\/nintec.pt\/?p=525"},"modified":"2023-04-06T15:21:18","modified_gmt":"2023-04-06T15:21:18","slug":"simposio-da-anict-no-ist","status":"publish","type":"post","link":"https:\/\/nintec.pt\/index.php\/2020\/02\/27\/simposio-da-anict-no-ist\/","title":{"rendered":"Simp\u00f3sio da ANICT no IST"},"content":{"rendered":"\n<p>O Simp\u00f3sio ANICT 2020 vai passar pelo IST &#8211; 4 de Mar\u00e7o \u00e0s 10:30 (Anfiteatro QA1.1, Torre Sul, Alameda).<br>Os simp\u00f3sios locais ANICT 2020 pretendem ser um f\u00f3rum para a discuss\u00e3o de propostas concretas dos investigadores a serem apresentadas ao governo e, neste caso, conta com a modera\u00e7\u00e3o do <a rel=\"noreferrer noopener\" aria-label=\"NInTec - N\u00facleo de Investigadores (opens in a new tab)\" href=\"https:\/\/www.facebook.com\/nintec.pt\/\" target=\"_blank\">NInTec &#8211; N\u00facleo de Investigadores<\/a>.<br>Convidamos todos os Investigadores a participarem e partilharem a sua vis\u00e3o.<\/p>\n\n\n\n<figure class=\"wp-block-image\"><img fetchpriority=\"high\" decoding=\"async\" width=\"1024\" height=\"672\" src=\"http:\/\/nintec.pt\/wp-content\/uploads\/2020\/03\/ANICT-IST_cartaz-1024x672.png\" alt=\"\" class=\"wp-image-535\" srcset=\"https:\/\/nintec.pt\/wp-content\/uploads\/2020\/03\/ANICT-IST_cartaz-1024x672.png 1024w, https:\/\/nintec.pt\/wp-content\/uploads\/2020\/03\/ANICT-IST_cartaz-300x197.png 300w, https:\/\/nintec.pt\/wp-content\/uploads\/2020\/03\/ANICT-IST_cartaz-768x504.png 768w, https:\/\/nintec.pt\/wp-content\/uploads\/2020\/03\/ANICT-IST_cartaz-1080x709.png 1080w, https:\/\/nintec.pt\/wp-content\/uploads\/2020\/03\/ANICT-IST_cartaz.png 1333w\" sizes=\"(max-width: 1024px) 100vw, 1024px\" \/><\/figure>\n","protected":false},"excerpt":{"rendered":"<p>O Simp\u00f3sio ANICT 2020 vai passar pelo IST &#8211; 4 de Mar\u00e7o \u00e0s 10:30 (Anfiteatro QA1.1, Torre Sul, Alameda).Os simp\u00f3sios locais ANICT 2020 pretendem ser um f\u00f3rum para a discuss\u00e3o de propostas concretas dos investigadores a serem apresentadas ao governo e, neste caso, conta com a modera\u00e7\u00e3o do NInTec &#8211; N\u00facleo de Investigadores.Convidamos todos os &hellip; <a href=\"https:\/\/nintec.pt\/index.php\/2020\/02\/27\/simposio-da-anict-no-ist\/\" class=\"more-link\">Continue reading <span class=\"screen-reader-text\">Simp\u00f3sio da ANICT no IST<\/span><\/a><\/p>\n","protected":false},"author":1,"featured_media":0,"comment_status":"closed","ping_status":"closed","sticky":false,"template":"","format":"standard","meta":{"jetpack_post_was_ever_published":false,"jetpack_publicize_message":"","jetpack_is_tweetstorm":false,"jetpack_publicize_feature_enabled":true,"jetpack_social_post_already_shared":true,"jetpack_social_options":{"image_generator_settings":{"template":"highway","enabled":false}}},"categories":[6],"tags":[],"jetpack_publicize_connections":[],"jetpack_featured_media_url":"","jetpack_sharing_enabled":true,"jetpack_shortlink":"https:\/\/wp.me\/paMUaw-8t","_links":{"self":[{"href":"https:\/\/nintec.pt\/index.php\/wp-json\/wp\/v2\/posts\/525"}],"collection":[{"href":"https:\/\/nintec.pt\/index.php\/wp-json\/wp\/v2\/posts"}],"about":[{"href":"https:\/\/nintec.pt\/index.php\/wp-json\/wp\/v2\/types\/post"}],"author":[{"embeddable":true,"href":"https:\/\/nintec.pt\/index.php\/wp-json\/wp\/v2\/users\/1"}],"replies":[{"embeddable":true,"href":"https:\/\/nintec.pt\/index.php\/wp-json\/wp\/v2\/comments?post=525"}],"version-history":[{"count":3,"href":"https:\/\/nintec.pt\/index.php\/wp-json\/wp\/v2\/posts\/525\/revisions"}],"predecessor-version":[{"id":536,"href":"https:\/\/nintec.pt\/index.php\/wp-json\/wp\/v2\/posts\/525\/revisions\/536"}],"wp:attachment":[{"href":"https:\/\/nintec.pt\/index.php\/wp-json\/wp\/v2\/media?parent=525"}],"wp:term":[{"taxonomy":"category","embeddable":true,"href":"https:\/\/nintec.pt\/index.php\/wp-json\/wp\/v2\/categories?post=525"},{"taxonomy":"post_tag","embeddable":true,"href":"https:\/\/nintec.pt\/index.php\/wp-json\/wp\/v2\/tags?post=525"}],"curies":[{"name":"wp","href":"https:\/\/api.w.org\/{rel}","templated":true}]}}