{"id":529,"date":"2020-02-27T17:18:17","date_gmt":"2020-02-27T17:18:17","guid":{"rendered":"http:\/\/nintec.pt\/?p=529"},"modified":"2023-04-06T15:21:18","modified_gmt":"2023-04-06T15:21:18","slug":"subterraneos-da-precariedade","status":"publish","type":"post","link":"https:\/\/nintec.pt\/index.php\/2020\/02\/27\/subterraneos-da-precariedade\/","title":{"rendered":"Subterr\u00e2neos da Precariedade"},"content":{"rendered":"\n<div class=\"wp-block-image\"><figure class=\"aligncenter\"><img fetchpriority=\"high\" decoding=\"async\" width=\"306\" height=\"307\" src=\"http:\/\/nintec.pt\/wp-content\/uploads\/2020\/03\/adiado.jpg\" alt=\"\" class=\"wp-image-556\" srcset=\"https:\/\/nintec.pt\/wp-content\/uploads\/2020\/03\/adiado.jpg 306w, https:\/\/nintec.pt\/wp-content\/uploads\/2020\/03\/adiado-150x150.jpg 150w, https:\/\/nintec.pt\/wp-content\/uploads\/2020\/03\/adiado-300x300.jpg 300w, https:\/\/nintec.pt\/wp-content\/uploads\/2020\/03\/adiado-75x75.jpg 75w\" sizes=\"(max-width: 306px) 100vw, 306px\" \/><\/figure><\/div>\n\n\n\n<p>Devido \u00e0s rec\u00e9m-implementadas medidas de conting\u00eancia anti-covid19, a sess\u00e3o do filme \u2018Subterr\u00e2neos da Precariedade\u2019, organizada pelo \u2018<a rel=\"noreferrer noopener\" aria-label=\" (opens in a new tab)\" href=\"https:\/\/diferencial.tecnico.ulisboa.pt\/\" target=\"_blank\">Jornal Diferencial<\/a>, foi adiada.<\/p>\n\n\n\n<p>O filme <a rel=\"noreferrer noopener\" aria-label=\" (opens in a new tab)\" href=\"https:\/\/www.facebook.com\/subterraneosdaprecariedade\/\" target=\"_blank\">Subterr\u00e2neos da Precariedade<\/a> chega ao IST &#8211; 25 de Mar\u00e7o \u00e0s 18:30, atrav\u00e9s de uma organiza\u00e7\u00e3o do Jornal Diferencial (<a rel=\"noreferrer noopener\" aria-label=\" (opens in a new tab)\" href=\"https:\/\/diferencial.tecnico.ulisboa.pt\/\" target=\"_blank\">https:\/\/diferencial.tecnico.ulisboa.pt\/<\/a>)<br>O filme ser\u00e1 seguido de uma conversa que conta com a participa\u00e7\u00e3o do realizador (Lu\u00eds Monteiro) e do <a rel=\"noreferrer noopener\" aria-label=\" (opens in a new tab)\" href=\"https:\/\/www.facebook.com\/nintec.pt\/\" target=\"_blank\">NInTec &#8211; N\u00facleo de Investigadores<\/a>, para a qual est\u00e3o todos convidados.<\/p>\n\n\n\n<figure class=\"wp-block-image\"><img decoding=\"async\" width=\"626\" height=\"886\" src=\"http:\/\/nintec.pt\/wp-content\/uploads\/2020\/02\/subterraneos-da-percariedade-_IST_25Marco2020.jpg\" alt=\"\" class=\"wp-image-530\" srcset=\"https:\/\/nintec.pt\/wp-content\/uploads\/2020\/02\/subterraneos-da-percariedade-_IST_25Marco2020.jpg 626w, https:\/\/nintec.pt\/wp-content\/uploads\/2020\/02\/subterraneos-da-percariedade-_IST_25Marco2020-212x300.jpg 212w\" sizes=\"(max-width: 626px) 100vw, 626px\" \/><\/figure>\n","protected":false},"excerpt":{"rendered":"<p>Devido \u00e0s rec\u00e9m-implementadas medidas de conting\u00eancia anti-covid19, a sess\u00e3o do filme \u2018Subterr\u00e2neos da Precariedade\u2019, organizada pelo \u2018Jornal Diferencial, foi adiada. O filme Subterr\u00e2neos da Precariedade chega ao IST &#8211; 25 de Mar\u00e7o \u00e0s 18:30, atrav\u00e9s de uma organiza\u00e7\u00e3o do Jornal Diferencial (https:\/\/diferencial.tecnico.ulisboa.pt\/)O filme ser\u00e1 seguido de uma conversa que conta com a participa\u00e7\u00e3o do realizador &hellip; <a href=\"https:\/\/nintec.pt\/index.php\/2020\/02\/27\/subterraneos-da-precariedade\/\" class=\"more-link\">Continue reading <span class=\"screen-reader-text\">Subterr\u00e2neos da Precariedade<\/span><\/a><\/p>\n","protected":false},"author":1,"featured_media":0,"comment_status":"closed","ping_status":"closed","sticky":false,"template":"","format":"standard","meta":{"jetpack_post_was_ever_published":false,"jetpack_publicize_message":"","jetpack_is_tweetstorm":false,"jetpack_publicize_feature_enabled":true,"jetpack_social_post_already_shared":true,"jetpack_social_options":{"image_generator_settings":{"template":"highway","enabled":false}}},"categories":[6],"tags":[],"jetpack_publicize_connections":[],"jetpack_featured_media_url":"","jetpack_sharing_enabled":true,"jetpack_shortlink":"https:\/\/wp.me\/paMUaw-8x","_links":{"self":[{"href":"https:\/\/nintec.pt\/index.php\/wp-json\/wp\/v2\/posts\/529"}],"collection":[{"href":"https:\/\/nintec.pt\/index.php\/wp-json\/wp\/v2\/posts"}],"about":[{"href":"https:\/\/nintec.pt\/index.php\/wp-json\/wp\/v2\/types\/post"}],"author":[{"embeddable":true,"href":"https:\/\/nintec.pt\/index.php\/wp-json\/wp\/v2\/users\/1"}],"replies":[{"embeddable":true,"href":"https:\/\/nintec.pt\/index.php\/wp-json\/wp\/v2\/comments?post=529"}],"version-history":[{"count":2,"href":"https:\/\/nintec.pt\/index.php\/wp-json\/wp\/v2\/posts\/529\/revisions"}],"predecessor-version":[{"id":557,"href":"https:\/\/nintec.pt\/index.php\/wp-json\/wp\/v2\/posts\/529\/revisions\/557"}],"wp:attachment":[{"href":"https:\/\/nintec.pt\/index.php\/wp-json\/wp\/v2\/media?parent=529"}],"wp:term":[{"taxonomy":"category","embeddable":true,"href":"https:\/\/nintec.pt\/index.php\/wp-json\/wp\/v2\/categories?post=529"},{"taxonomy":"post_tag","embeddable":true,"href":"https:\/\/nintec.pt\/index.php\/wp-json\/wp\/v2\/tags?post=529"}],"curies":[{"name":"wp","href":"https:\/\/api.w.org\/{rel}","templated":true}]}}