{"id":6114,"date":"2025-07-03T19:19:14","date_gmt":"2025-07-03T19:19:14","guid":{"rendered":"https:\/\/nintec.pt\/?p=6114"},"modified":"2025-07-03T19:19:14","modified_gmt":"2025-07-03T19:19:14","slug":"encontro-deciencia-em-defesa-da-ciencia-publica-e-pelo-fim-da-precariedade-na-ciencia","status":"publish","type":"post","link":"https:\/\/nintec.pt\/index.php\/2025\/07\/03\/encontro-deciencia-em-defesa-da-ciencia-publica-e-pelo-fim-da-precariedade-na-ciencia\/","title":{"rendered":"Encontro DEC(i)\u00caNCIA:\u00a0Em Defesa da Ci\u00eancia P\u00fablica e pelo Fim da Precariedade na Ci\u00eancia"},"content":{"rendered":"\n<p>O\u00a0<strong>NInTec \u2013 N\u00facleo de Investigadores<\/strong>, em conjunto com outras estruturas e organiza\u00e7\u00f5es do setor da Ci\u00eancia e do Ensino Superior, convoca todos os trabalhadores cient\u00edficos para uma concentra\u00e7\u00e3o em defesa da Ci\u00eancia P\u00fablica e pelo fim da precariedade na Ci\u00eancia.<\/p>\n\n\n\n<p><span style=\"text-decoration: underline;\">Quando<\/span>: <strong>dia 9 de julho 2025, com in\u00edcio pelas 9 horas,<\/strong><\/p>\n\n\n\n<p><span style=\"text-decoration: underline;\">Onde<\/span>: em frente \u00e0 Faculdade de Economia da Universidade Nova de Lisboa (NOVA SBE), em <strong>Carcavelos<\/strong>, onde decorrer\u00e1 o E<strong>ncontro Ci\u00eancia 2025<\/strong>.<\/p>\n\n\n\n<p><\/p>\n\n\n\n<p>Esta \u00e9 uma iniciativa nacional dirigida a todos os trabalhadores cient\u00edficos, independentemente do seu tipo de v\u00ednculo laboral, da sua fun\u00e7\u00e3o ou do seu grau acad\u00e9mico.<\/p>\n\n\n\n<p>Mais informa\u00e7\u00e3o, <a href=\"http:\/\/nintec.pt\/wp-content\/uploads\/2025\/07\/flyer-encontro-ciencia-25.pdf\" data-type=\"URL\" data-id=\"http:\/\/nintec.pt\/wp-content\/uploads\/2025\/07\/flyer-encontro-ciencia-25.pdf\" target=\"_blank\" rel=\"noreferrer noopener\">aqui<\/a>. <\/p>\n\n\n\n<p><strong>Organiza\u00e7\u00e3o:<\/strong> N\u00facleo de Investigadores do Instituto Superior T\u00e9cnico (NInTec), FENPROF &#8211; Federa\u00e7\u00e3o Nacional dos Professores, ABIC &#8211; Associa\u00e7\u00e3o dos Bolseiros de Investiga\u00e7\u00e3o Cient\u00edfica, FNSTFPS &#8211; Federa\u00e7\u00e3o Nacional dos Sindicatos dos Trabalhadores em Fun\u00e7\u00f5es P\u00fablicas e Sociais, SNESup &#8211; Sindicato Nacional do Ensino Superior, STARQ &#8211; Sindicato dos Trabalhadores de Arqueologia, OTC &#8211; Organiza\u00e7\u00e3o dos Trabalhadores Cient\u00edficos, Universidade Comum, Associa\u00e7\u00e3o de combate \u00e0 precariedade: Prec\u00e1rios Inflex\u00edveis, Investigadores da FCUL, ITQB Post Doctoral Association, N\u00facleo de Investigadores da NOVA-FCT (SciNOVA-FCT), N\u00facleo de Investigador@s e Gestor@s de Ci\u00eancia da NOVA FCSH.<\/p>\n","protected":false},"excerpt":{"rendered":"<p>O\u00a0NInTec \u2013 N\u00facleo de Investigadores, em conjunto com outras estruturas e organiza\u00e7\u00f5es do setor da Ci\u00eancia e do Ensino Superior, convoca todos os trabalhadores cient\u00edficos para uma concentra\u00e7\u00e3o em defesa da Ci\u00eancia P\u00fablica e pelo fim da precariedade na Ci\u00eancia. Quando: dia 9 de julho 2025, com in\u00edcio pelas 9 horas, Onde: em frente \u00e0 &hellip; <a href=\"https:\/\/nintec.pt\/index.php\/2025\/07\/03\/encontro-deciencia-em-defesa-da-ciencia-publica-e-pelo-fim-da-precariedade-na-ciencia\/\" class=\"more-link\">Continue reading <span class=\"screen-reader-text\">Encontro DEC(i)\u00caNCIA:\u00a0Em Defesa da Ci\u00eancia P\u00fablica e pelo Fim da Precariedade na Ci\u00eancia<\/span><\/a><\/p>\n","protected":false},"author":1,"featured_media":0,"comment_status":"closed","ping_status":"","sticky":false,"template":"","format":"standard","meta":{"jetpack_post_was_ever_published":false,"jetpack_publicize_message":"","jetpack_is_tweetstorm":false,"jetpack_publicize_feature_enabled":true,"jetpack_social_post_already_shared":true,"jetpack_social_options":{"image_generator_settings":{"template":"highway","enabled":false}}},"categories":[8,6],"tags":[20,18,19,15,30,14,25],"jetpack_publicize_connections":[],"jetpack_featured_media_url":"","jetpack_sharing_enabled":true,"jetpack_shortlink":"https:\/\/wp.me\/paMUaw-1AC","_links":{"self":[{"href":"https:\/\/nintec.pt\/index.php\/wp-json\/wp\/v2\/posts\/6114"}],"collection":[{"href":"https:\/\/nintec.pt\/index.php\/wp-json\/wp\/v2\/posts"}],"about":[{"href":"https:\/\/nintec.pt\/index.php\/wp-json\/wp\/v2\/types\/post"}],"author":[{"embeddable":true,"href":"https:\/\/nintec.pt\/index.php\/wp-json\/wp\/v2\/users\/1"}],"replies":[{"embeddable":true,"href":"https:\/\/nintec.pt\/index.php\/wp-json\/wp\/v2\/comments?post=6114"}],"version-history":[{"count":3,"href":"https:\/\/nintec.pt\/index.php\/wp-json\/wp\/v2\/posts\/6114\/revisions"}],"predecessor-version":[{"id":6118,"href":"https:\/\/nintec.pt\/index.php\/wp-json\/wp\/v2\/posts\/6114\/revisions\/6118"}],"wp:attachment":[{"href":"https:\/\/nintec.pt\/index.php\/wp-json\/wp\/v2\/media?parent=6114"}],"wp:term":[{"taxonomy":"category","embeddable":true,"href":"https:\/\/nintec.pt\/index.php\/wp-json\/wp\/v2\/categories?post=6114"},{"taxonomy":"post_tag","embeddable":true,"href":"https:\/\/nintec.pt\/index.php\/wp-json\/wp\/v2\/tags?post=6114"}],"curies":[{"name":"wp","href":"https:\/\/api.w.org\/{rel}","templated":true}]}}