{"id":671,"date":"2020-06-13T17:14:09","date_gmt":"2020-06-13T17:14:09","guid":{"rendered":"http:\/\/nintec.pt\/?p=671"},"modified":"2023-04-06T15:21:00","modified_gmt":"2023-04-06T15:21:00","slug":"desconfinamedo","status":"publish","type":"post","link":"https:\/\/nintec.pt\/index.php\/2020\/06\/13\/desconfinamedo\/","title":{"rendered":"Desconfinamedo"},"content":{"rendered":"\n<p>&#8220;Uma nova fobia parece emergir como efeito secund\u00e1rio da pandemia da  covid-19: a desconfinofobia \u2013 o medo das consequ\u00eancias esperadas,  hipot\u00e9ticas ou imagin\u00e1rias do desconfinamento. Chamemos-lhe  desconfinamedo. Os portugueses parecem dele sofrer, pelo menos a julgar  pelas opini\u00f5es de especialistas e comentadores nos \u00f3rg\u00e3os de comunica\u00e7\u00e3o  social. O ant\u00eddoto para esta condi\u00e7\u00e3o parece simples: pedir \u00e0 popula\u00e7\u00e3o  para n\u00e3o temer. Entendamos que n\u00e3o se trata de encorajar comportamentos  temer\u00e1rios ou atos de bravura. Espera-se \u201capenas\u201d que os portugueses  n\u00e3o receiem o v\u00edrus, a covid-19, uma segunda vaga, o regresso ao local  de trabalho, ver os filhos voltar aos infant\u00e1rios e escolas ou ter os  pais em lares, que n\u00e3o temam o <em>lay-off<\/em> prolongado ou a amea\u00e7a  de desemprego, ou at\u00e9 mesmo que n\u00e3o tenham medo da ci\u00eancia, seja l\u00e1 o  que isso for. Convenhamos que j\u00e1 \u00e9 pedir demais.&#8221;<\/p>\n\n\n\n<p><a href=\"https:\/\/www.publico.pt\/2020\/06\/13\/ciencia\/noticia\/desconfinamedo-1920165\" target=\"_blank\" rel=\"noreferrer noopener\" aria-label=\" (opens in a new tab)\">https:\/\/www.publico.pt\/2020\/06\/13\/ciencia\/noticia\/desconfinamedo-1920165<\/a><\/p>\n","protected":false},"excerpt":{"rendered":"<p>&#8220;Uma nova fobia parece emergir como efeito secund\u00e1rio da pandemia da covid-19: a desconfinofobia \u2013 o medo das consequ\u00eancias esperadas, hipot\u00e9ticas ou imagin\u00e1rias do desconfinamento. Chamemos-lhe desconfinamedo. Os portugueses parecem dele sofrer, pelo menos a julgar pelas opini\u00f5es de especialistas e comentadores nos \u00f3rg\u00e3os de comunica\u00e7\u00e3o social. O ant\u00eddoto para esta condi\u00e7\u00e3o parece simples: pedir &hellip; <a href=\"https:\/\/nintec.pt\/index.php\/2020\/06\/13\/desconfinamedo\/\" class=\"more-link\">Continue reading <span class=\"screen-reader-text\">Desconfinamedo<\/span><\/a><\/p>\n","protected":false},"author":1,"featured_media":0,"comment_status":"closed","ping_status":"closed","sticky":false,"template":"","format":"standard","meta":{"jetpack_post_was_ever_published":false,"jetpack_publicize_message":"","jetpack_is_tweetstorm":false,"jetpack_publicize_feature_enabled":true,"jetpack_social_post_already_shared":true,"jetpack_social_options":{"image_generator_settings":{"template":"highway","enabled":false}}},"categories":[7],"tags":[],"jetpack_publicize_connections":[],"jetpack_featured_media_url":"","jetpack_sharing_enabled":true,"jetpack_shortlink":"https:\/\/wp.me\/paMUaw-aP","_links":{"self":[{"href":"https:\/\/nintec.pt\/index.php\/wp-json\/wp\/v2\/posts\/671"}],"collection":[{"href":"https:\/\/nintec.pt\/index.php\/wp-json\/wp\/v2\/posts"}],"about":[{"href":"https:\/\/nintec.pt\/index.php\/wp-json\/wp\/v2\/types\/post"}],"author":[{"embeddable":true,"href":"https:\/\/nintec.pt\/index.php\/wp-json\/wp\/v2\/users\/1"}],"replies":[{"embeddable":true,"href":"https:\/\/nintec.pt\/index.php\/wp-json\/wp\/v2\/comments?post=671"}],"version-history":[{"count":1,"href":"https:\/\/nintec.pt\/index.php\/wp-json\/wp\/v2\/posts\/671\/revisions"}],"predecessor-version":[{"id":673,"href":"https:\/\/nintec.pt\/index.php\/wp-json\/wp\/v2\/posts\/671\/revisions\/673"}],"wp:attachment":[{"href":"https:\/\/nintec.pt\/index.php\/wp-json\/wp\/v2\/media?parent=671"}],"wp:term":[{"taxonomy":"category","embeddable":true,"href":"https:\/\/nintec.pt\/index.php\/wp-json\/wp\/v2\/categories?post=671"},{"taxonomy":"post_tag","embeddable":true,"href":"https:\/\/nintec.pt\/index.php\/wp-json\/wp\/v2\/tags?post=671"}],"curies":[{"name":"wp","href":"https:\/\/api.w.org\/{rel}","templated":true}]}}