{"id":728,"date":"2020-10-22T21:31:47","date_gmt":"2020-10-22T21:31:47","guid":{"rendered":"http:\/\/nintec.pt\/?p=728"},"modified":"2023-04-06T15:21:00","modified_gmt":"2023-04-06T15:21:00","slug":"carta-aberta","status":"publish","type":"post","link":"https:\/\/nintec.pt\/index.php\/2020\/10\/22\/carta-aberta\/","title":{"rendered":"Carta aberta \u00e0 Comunidade T\u00e9cnico: Somos mesmo todos T\u00e9cnico?\ufeff"},"content":{"rendered":"\n<p>Nos dias 2 e 3 de Dezembro de 2020 ter\u00e3o lugar as elei\u00e7\u00f5es para os \u00d3rg\u00e3os do IST, momento maior na viv\u00eancia c\u00edvica e democr\u00e1tica da nossa Escola. Este exerc\u00edcio democr\u00e1tico, expoente m\u00e1ximo da participa\u00e7\u00e3o de toda a comunidade na vida da Escola, apresenta-se este ano em contraste com a pr\u00f3pria hist\u00f3ria democr\u00e1tica do T\u00e9cnico. Contrariando as pr\u00e1ticas do passado, a recente publica\u00e7\u00e3o dos cadernos eleitorais provis\u00f3rios exp\u00f5em uma decis\u00e3o inesperada por parte da direc\u00e7\u00e3o da Escola: excluir os investigadores com v\u00ednculo \u00e0 IST-ID do ato eleitoral.<\/p>\n\n\n\n<p>O Regulamento Eleitoral do IST, aprovado pelo Conselho de Escola, indica que o corpo eleitoral \u00e9 constitu\u00eddo por todos os docentes e todos os investigadores que integrem a Escola. N\u00e3o haver\u00e1 d\u00favidas entre a comunidade T\u00e9cnico que os investigadores com v\u00ednculo \u00e0 IST-ID, com um forte contributo para a excel\u00eancia reconhecida ao T\u00e9cnico, fazem parte integrante da Escola. Facto este tamb\u00e9m partilhado, at\u00e9 agora, pelos \u00d3rg\u00e3os de Gest\u00e3o e pelas anteriores Comiss\u00f5es Eleitorais. A \u00faltima elei\u00e7\u00e3o, que decorreu em janeiro deste ano, revelou uma forte mobiliza\u00e7\u00e3o e ades\u00e3o por parte dos investigadores com v\u00ednculo \u00e0 IST-ID, demonstrando a sua vontade de participa\u00e7\u00e3o na vida da Escola.<\/p>\n\n\n\n<p>Esta decis\u00e3o inusitada \u00e9 incompreens\u00edvel e de dif\u00edcil aceita\u00e7\u00e3o, pois n\u00e3o s\u00f3 entra em conflito com a postura da Escola, de assumir como seus os frutos do trabalho dos investigadores com v\u00ednculo \u00e0 IST-ID, como incorre ainda numa viola\u00e7\u00e3o de direitos adquiridos sem qualquer altera\u00e7\u00e3o regulamentar fundamentada.<\/p>\n\n\n\n<p>Negar o direito de participa\u00e7\u00e3o nas elei\u00e7\u00f5es aos investigadores com v\u00ednculo \u00e0 IST-ID significa uma s\u00f3 coisa: n\u00e3o somos todos T\u00e9cnico.<\/p>\n\n\n\n<p>Esta altera\u00e7\u00e3o, representa um retrocesso na viv\u00eancia democr\u00e1tica do T\u00e9cnico e na vida da Escola como uma comunidade cient\u00edfica coesa. N\u00e3o s\u00f3 n\u00e3o pode ser ignorada como \u00e9 urgente reverter este enorme equ\u00edvoco.<\/p>\n\n\n\n<p>Subscrever <a rel=\"noreferrer noopener\" aria-label=\"aqui (opens in a new tab)\" href=\"https:\/\/docs.google.com\/forms\/d\/e\/1FAIpQLSeH4L_XMGGsvNL5Y5CH7evV-_5vUK3r0H5fnr_9euT6m63rwg\/viewform?usp=sf_link\" target=\"_blank\">AQUI<\/a>:<\/p>\n\n\n\n<h4>A atualiza\u00e7\u00e3o da lista de subscri\u00e7\u00f5es pode demorar alguns minutos<\/h4>\n\n\n\n<iframe src=\"https:\/\/docs.google.com\/spreadsheets\/d\/e\/2PACX-1vRbtnsZ1ovtGY2tPajfMwdqpdwPosTtjSn6dynOe5cuXx2hNGZ4nZy23tNB9a8ykZcx6vIEhBV1gacj\/pubhtml?gid=71930479&amp;single=true&amp;widget=true&amp;headers=false\" width=\"800\" height=\"800\"><\/iframe>\n\n\n\n<p><\/p>\n","protected":false},"excerpt":{"rendered":"<p>Nos dias 2 e 3 de Dezembro de 2020 ter\u00e3o lugar as elei\u00e7\u00f5es para os \u00d3rg\u00e3os do IST, momento maior na viv\u00eancia c\u00edvica e democr\u00e1tica da nossa Escola. Este exerc\u00edcio democr\u00e1tico, expoente m\u00e1ximo da participa\u00e7\u00e3o de toda a comunidade na vida da Escola, apresenta-se este ano em contraste com a pr\u00f3pria hist\u00f3ria democr\u00e1tica do T\u00e9cnico. &hellip; <a href=\"https:\/\/nintec.pt\/index.php\/2020\/10\/22\/carta-aberta\/\" class=\"more-link\">Continue reading <span class=\"screen-reader-text\">Carta aberta \u00e0 Comunidade T\u00e9cnico: Somos mesmo todos T\u00e9cnico?\ufeff<\/span><\/a><\/p>\n","protected":false},"author":1,"featured_media":0,"comment_status":"closed","ping_status":"closed","sticky":false,"template":"","format":"standard","meta":{"jetpack_post_was_ever_published":false,"jetpack_publicize_message":"","jetpack_is_tweetstorm":false,"jetpack_publicize_feature_enabled":true,"jetpack_social_post_already_shared":true,"jetpack_social_options":{"image_generator_settings":{"template":"highway","enabled":false}}},"categories":[6],"tags":[],"jetpack_publicize_connections":[],"jetpack_featured_media_url":"","jetpack_sharing_enabled":true,"jetpack_shortlink":"https:\/\/wp.me\/paMUaw-bK","_links":{"self":[{"href":"https:\/\/nintec.pt\/index.php\/wp-json\/wp\/v2\/posts\/728"}],"collection":[{"href":"https:\/\/nintec.pt\/index.php\/wp-json\/wp\/v2\/posts"}],"about":[{"href":"https:\/\/nintec.pt\/index.php\/wp-json\/wp\/v2\/types\/post"}],"author":[{"embeddable":true,"href":"https:\/\/nintec.pt\/index.php\/wp-json\/wp\/v2\/users\/1"}],"replies":[{"embeddable":true,"href":"https:\/\/nintec.pt\/index.php\/wp-json\/wp\/v2\/comments?post=728"}],"version-history":[{"count":9,"href":"https:\/\/nintec.pt\/index.php\/wp-json\/wp\/v2\/posts\/728\/revisions"}],"predecessor-version":[{"id":738,"href":"https:\/\/nintec.pt\/index.php\/wp-json\/wp\/v2\/posts\/728\/revisions\/738"}],"wp:attachment":[{"href":"https:\/\/nintec.pt\/index.php\/wp-json\/wp\/v2\/media?parent=728"}],"wp:term":[{"taxonomy":"category","embeddable":true,"href":"https:\/\/nintec.pt\/index.php\/wp-json\/wp\/v2\/categories?post=728"},{"taxonomy":"post_tag","embeddable":true,"href":"https:\/\/nintec.pt\/index.php\/wp-json\/wp\/v2\/tags?post=728"}],"curies":[{"name":"wp","href":"https:\/\/api.w.org\/{rel}","templated":true}]}}