{"id":765,"date":"2020-11-27T19:10:18","date_gmt":"2020-11-27T19:10:18","guid":{"rendered":"http:\/\/nintec.pt\/?p=765"},"modified":"2023-04-06T15:21:00","modified_gmt":"2023-04-06T15:21:00","slug":"carta-aberta-ao-ministro-da-ciencia-tecnologia-e-ensino-superior","status":"publish","type":"post","link":"https:\/\/nintec.pt\/index.php\/2020\/11\/27\/carta-aberta-ao-ministro-da-ciencia-tecnologia-e-ensino-superior\/","title":{"rendered":"Carta aberta ao ministro da Ci\u00eancia, Tecnologia e Ensino Superior"},"content":{"rendered":"\n<p>&#8220;Tenha-se presente que os frutos do trabalho dos investigadores afetos \u00e0 IST-ID s\u00e3o reconhecidos pelo IST-ULisboa como seus. Basta ver o modo como a refer\u00eancia ao IST-ULisboa surge sempre que os investigadores com v\u00ednculo ao IST-ID s\u00e3o destacados ou premiados. Haver\u00e1 aqui um sentido de coopera\u00e7\u00e3o e vantagem m\u00fatua que julgamos corresponder ao entendimento da necessidade de articula\u00e7\u00e3o entre unidades de investiga\u00e7\u00e3o e de ensino. Todavia, quando consideramos esta coopera\u00e7\u00e3o ao n\u00edvel do direito de participa\u00e7\u00e3o nos \u00f3rg\u00e3os da universidade, a realidade com que nos confrontamos \u00e9 o oposto, sendo muitos dos investigadores tratados como corpos estranhos \u00e0s universidades que os acolhem.&#8221;<\/p>\n\n\n\n<p><a href=\"https:\/\/www.publico.pt\/2020\/11\/27\/ciencia\/opiniao\/carta-aberta-ministro-ciencia-tecnologia-ensino-superior-1940758\" target=\"_blank\" rel=\"noreferrer noopener\" aria-label=\" (opens in a new tab)\">https:\/\/www.publico.pt\/2020\/11\/27\/ciencia\/opiniao\/carta-aberta-ministro-ciencia-tecnologia-ensino-superior-1940758<\/a><\/p>\n","protected":false},"excerpt":{"rendered":"<p>&#8220;Tenha-se presente que os frutos do trabalho dos investigadores afetos \u00e0 IST-ID s\u00e3o reconhecidos pelo IST-ULisboa como seus. Basta ver o modo como a refer\u00eancia ao IST-ULisboa surge sempre que os investigadores com v\u00ednculo ao IST-ID s\u00e3o destacados ou premiados. Haver\u00e1 aqui um sentido de coopera\u00e7\u00e3o e vantagem m\u00fatua que julgamos corresponder ao entendimento da &hellip; <a href=\"https:\/\/nintec.pt\/index.php\/2020\/11\/27\/carta-aberta-ao-ministro-da-ciencia-tecnologia-e-ensino-superior\/\" class=\"more-link\">Continue reading <span class=\"screen-reader-text\">Carta aberta ao ministro da Ci\u00eancia, Tecnologia e Ensino Superior<\/span><\/a><\/p>\n","protected":false},"author":1,"featured_media":0,"comment_status":"closed","ping_status":"closed","sticky":false,"template":"","format":"standard","meta":{"jetpack_post_was_ever_published":false,"jetpack_publicize_message":"","jetpack_is_tweetstorm":false,"jetpack_publicize_feature_enabled":true,"jetpack_social_post_already_shared":true,"jetpack_social_options":{"image_generator_settings":{"template":"highway","enabled":false}}},"categories":[7],"tags":[],"jetpack_publicize_connections":[],"jetpack_featured_media_url":"","jetpack_sharing_enabled":true,"jetpack_shortlink":"https:\/\/wp.me\/paMUaw-cl","_links":{"self":[{"href":"https:\/\/nintec.pt\/index.php\/wp-json\/wp\/v2\/posts\/765"}],"collection":[{"href":"https:\/\/nintec.pt\/index.php\/wp-json\/wp\/v2\/posts"}],"about":[{"href":"https:\/\/nintec.pt\/index.php\/wp-json\/wp\/v2\/types\/post"}],"author":[{"embeddable":true,"href":"https:\/\/nintec.pt\/index.php\/wp-json\/wp\/v2\/users\/1"}],"replies":[{"embeddable":true,"href":"https:\/\/nintec.pt\/index.php\/wp-json\/wp\/v2\/comments?post=765"}],"version-history":[{"count":1,"href":"https:\/\/nintec.pt\/index.php\/wp-json\/wp\/v2\/posts\/765\/revisions"}],"predecessor-version":[{"id":766,"href":"https:\/\/nintec.pt\/index.php\/wp-json\/wp\/v2\/posts\/765\/revisions\/766"}],"wp:attachment":[{"href":"https:\/\/nintec.pt\/index.php\/wp-json\/wp\/v2\/media?parent=765"}],"wp:term":[{"taxonomy":"category","embeddable":true,"href":"https:\/\/nintec.pt\/index.php\/wp-json\/wp\/v2\/categories?post=765"},{"taxonomy":"post_tag","embeddable":true,"href":"https:\/\/nintec.pt\/index.php\/wp-json\/wp\/v2\/tags?post=765"}],"curies":[{"name":"wp","href":"https:\/\/api.w.org\/{rel}","templated":true}]}}