{"id":915,"date":"2021-03-29T16:05:50","date_gmt":"2021-03-29T16:05:50","guid":{"rendered":"http:\/\/nintec.pt\/?p=915"},"modified":"2023-04-06T15:20:01","modified_gmt":"2023-04-06T15:20:01","slug":"covid-19-inclusao-de-professores-e-funcionarios-do-ensino-superior-nos-grupos-de-vacinacao-esta-em-analise","status":"publish","type":"post","link":"https:\/\/nintec.pt\/index.php\/2021\/03\/29\/covid-19-inclusao-de-professores-e-funcionarios-do-ensino-superior-nos-grupos-de-vacinacao-esta-em-analise\/","title":{"rendered":"Covid-19: Inclus\u00e3o de professores e funcion\u00e1rios do ensino superior nos grupos de vacina\u00e7\u00e3o est\u00e1 em an\u00e1lise"},"content":{"rendered":"\n<p>&#8220;A inclus\u00e3o de professores, investigadores e restantes funcion\u00e1rios do ensino superior nos grupos priorit\u00e1rios da vacina\u00e7\u00e3o contra a covid-19 est\u00e1 a ser equacionada pela \u2018task force\u2019, que recentemente incluiu o pessoal das creches, ensino b\u00e1sico e secund\u00e1rio.&#8221;<\/p>\n\n\n\n<p><a href=\"https:\/\/24.sapo.pt\/atualidade\/artigos\/covid-19-inclusao-de-professores-e-funcionarios-do-ensino-superior-nos-grupos-de-vacinacao-esta-em-analise\">https:\/\/24.sapo.pt\/atualidade\/artigos\/covid-19-inclusao-de-professores-e-funcionarios-do-ensino-superior-nos-grupos-de-vacinacao-esta-em-analise<\/a><\/p>\n","protected":false},"excerpt":{"rendered":"<p>&#8220;A inclus\u00e3o de professores, investigadores e restantes funcion\u00e1rios do ensino superior nos grupos priorit\u00e1rios da vacina\u00e7\u00e3o contra a covid-19 est\u00e1 a ser equacionada pela \u2018task force\u2019, que recentemente incluiu o pessoal das creches, ensino b\u00e1sico e secund\u00e1rio.&#8221; https:\/\/24.sapo.pt\/atualidade\/artigos\/covid-19-inclusao-de-professores-e-funcionarios-do-ensino-superior-nos-grupos-de-vacinacao-esta-em-analise<\/p>\n","protected":false},"author":1,"featured_media":0,"comment_status":"closed","ping_status":"closed","sticky":false,"template":"","format":"standard","meta":{"jetpack_post_was_ever_published":false,"jetpack_publicize_message":"","jetpack_is_tweetstorm":false,"jetpack_publicize_feature_enabled":true,"jetpack_social_post_already_shared":true,"jetpack_social_options":{"image_generator_settings":{"template":"highway","enabled":false}}},"categories":[7],"tags":[],"jetpack_publicize_connections":[],"jetpack_featured_media_url":"","jetpack_sharing_enabled":true,"jetpack_shortlink":"https:\/\/wp.me\/paMUaw-eL","_links":{"self":[{"href":"https:\/\/nintec.pt\/index.php\/wp-json\/wp\/v2\/posts\/915"}],"collection":[{"href":"https:\/\/nintec.pt\/index.php\/wp-json\/wp\/v2\/posts"}],"about":[{"href":"https:\/\/nintec.pt\/index.php\/wp-json\/wp\/v2\/types\/post"}],"author":[{"embeddable":true,"href":"https:\/\/nintec.pt\/index.php\/wp-json\/wp\/v2\/users\/1"}],"replies":[{"embeddable":true,"href":"https:\/\/nintec.pt\/index.php\/wp-json\/wp\/v2\/comments?post=915"}],"version-history":[{"count":1,"href":"https:\/\/nintec.pt\/index.php\/wp-json\/wp\/v2\/posts\/915\/revisions"}],"predecessor-version":[{"id":916,"href":"https:\/\/nintec.pt\/index.php\/wp-json\/wp\/v2\/posts\/915\/revisions\/916"}],"wp:attachment":[{"href":"https:\/\/nintec.pt\/index.php\/wp-json\/wp\/v2\/media?parent=915"}],"wp:term":[{"taxonomy":"category","embeddable":true,"href":"https:\/\/nintec.pt\/index.php\/wp-json\/wp\/v2\/categories?post=915"},{"taxonomy":"post_tag","embeddable":true,"href":"https:\/\/nintec.pt\/index.php\/wp-json\/wp\/v2\/tags?post=915"}],"curies":[{"name":"wp","href":"https:\/\/api.w.org\/{rel}","templated":true}]}}